{"id":5490,"date":"2024-02-21T12:59:40","date_gmt":"2024-02-21T12:59:40","guid":{"rendered":"https:\/\/btla.eu\/articles\/btla\/planned-vat-reduction-for-the-beauty-industry\/"},"modified":"2024-02-21T12:59:40","modified_gmt":"2024-02-21T12:59:40","slug":"planned-vat-reduction-for-the-beauty-industry","status":"publish","type":"post","link":"https:\/\/btla.eu\/en\/articles\/planned-vat-reduction-for-the-beauty-industry\/","title":{"rendered":"Planned VAT reduction for the beauty industry"},"content":{"rendered":"","protected":false},"excerpt":{"rendered":"","protected":false},"author":5,"featured_media":5051,"comment_status":"closed","ping_status":"open","sticky":false,"template":"","format":"standard","meta":{"_et_pb_use_builder":"on","_et_pb_old_content":"","_et_gb_content_width":"","om_disable_all_campaigns":false,"inline_featured_image":false,"footnotes":""},"categories":[27,32],"tags":[],"class_list":["post-5490","post","type-post","status-publish","format-standard","has-post-thumbnail","hentry","category-articles","category-taxes"],"yoast_head":"<!-- This site is optimized with the Yoast SEO plugin v28.4 - https:\/\/yoast.com\/product\/yoast-seo-wordpress\/ -->\n<title>Planned VAT reduction for the beauty industry - BTLA<\/title>\n<meta name=\"robots\" content=\"index, follow, max-snippet:-1, max-image-preview:large, max-video-preview:-1\" \/>\n<link rel=\"canonical\" href=\"https:\/\/btla.eu\/en\/articles\/planned-vat-reduction-for-the-beauty-industry\/\" \/>\n<meta property=\"og:locale\" content=\"en_US\" \/>\n<meta property=\"og:type\" content=\"article\" \/>\n<meta property=\"og:title\" content=\"Planned VAT reduction for the beauty industry - BTLA\" \/>\n<meta property=\"og:url\" content=\"https:\/\/btla.eu\/en\/articles\/planned-vat-reduction-for-the-beauty-industry\/\" \/>\n<meta property=\"og:site_name\" content=\"BTLA\" \/>\n<meta property=\"article:publisher\" content=\"https:\/\/www.facebook.com\/btla.advisory\" \/>\n<meta property=\"article:published_time\" content=\"2024-02-21T12:59:40+00:00\" \/>\n<meta property=\"og:image\" content=\"https:\/\/btla.eu\/wp-content\/uploads\/2024\/02\/Planowane-obnizenie-podatku-VAT-dla-branzy-beauty.jpg\" \/>\n\t<meta property=\"og:image:width\" content=\"1080\" \/>\n\t<meta property=\"og:image:height\" content=\"1080\" \/>\n\t<meta property=\"og:image:type\" content=\"image\/jpeg\" \/>\n<meta name=\"author\" content=\"lukasz.oles@btla.eu\" \/>\n<meta name=\"twitter:card\" content=\"summary_large_image\" \/>\n<meta name=\"twitter:label1\" content=\"Written by\" \/>\n\t<meta name=\"twitter:data1\" content=\"lukasz.oles@btla.eu\" \/>\n<script type=\"application\/ld+json\" class=\"yoast-schema-graph\">{\"@context\":\"https:\\\/\\\/schema.org\",\"@graph\":[{\"@type\":\"Article\",\"@id\":\"https:\\\/\\\/btla.eu\\\/en\\\/articles\\\/planned-vat-reduction-for-the-beauty-industry\\\/#article\",\"isPartOf\":{\"@id\":\"https:\\\/\\\/btla.eu\\\/en\\\/articles\\\/planned-vat-reduction-for-the-beauty-industry\\\/\"},\"author\":{\"name\":\"lukasz.oles@btla.eu\",\"@id\":\"https:\\\/\\\/btla.eu\\\/en\\\/#\\\/schema\\\/person\\\/7a07512baf795a08c2c9261996b88ce8\"},\"headline\":\"Planned VAT reduction for the beauty industry\",\"datePublished\":\"2024-02-21T12:59:40+00:00\",\"mainEntityOfPage\":{\"@id\":\"https:\\\/\\\/btla.eu\\\/en\\\/articles\\\/planned-vat-reduction-for-the-beauty-industry\\\/\"},\"wordCount\":7,\"publisher\":{\"@id\":\"https:\\\/\\\/btla.eu\\\/en\\\/#organization\"},\"image\":{\"@id\":\"https:\\\/\\\/btla.eu\\\/en\\\/articles\\\/planned-vat-reduction-for-the-beauty-industry\\\/#primaryimage\"},\"thumbnailUrl\":\"https:\\\/\\\/btla.eu\\\/wp-content\\\/uploads\\\/2024\\\/02\\\/Planowane-obnizenie-podatku-VAT-dla-branzy-beauty.jpg\",\"articleSection\":[\"Articles\",\"Taxes\"],\"inLanguage\":\"en-US\"},{\"@type\":\"WebPage\",\"@id\":\"https:\\\/\\\/btla.eu\\\/en\\\/articles\\\/planned-vat-reduction-for-the-beauty-industry\\\/\",\"url\":\"https:\\\/\\\/btla.eu\\\/en\\\/articles\\\/planned-vat-reduction-for-the-beauty-industry\\\/\",\"name\":\"Planned VAT reduction for the beauty industry - BTLA\",\"isPartOf\":{\"@id\":\"https:\\\/\\\/btla.eu\\\/en\\\/#website\"},\"primaryImageOfPage\":{\"@id\":\"https:\\\/\\\/btla.eu\\\/en\\\/articles\\\/planned-vat-reduction-for-the-beauty-industry\\\/#primaryimage\"},\"image\":{\"@id\":\"https:\\\/\\\/btla.eu\\\/en\\\/articles\\\/planned-vat-reduction-for-the-beauty-industry\\\/#primaryimage\"},\"thumbnailUrl\":\"https:\\\/\\\/btla.eu\\\/wp-content\\\/uploads\\\/2024\\\/02\\\/Planowane-obnizenie-podatku-VAT-dla-branzy-beauty.jpg\",\"datePublished\":\"2024-02-21T12:59:40+00:00\",\"breadcrumb\":{\"@id\":\"https:\\\/\\\/btla.eu\\\/en\\\/articles\\\/planned-vat-reduction-for-the-beauty-industry\\\/#breadcrumb\"},\"inLanguage\":\"en-US\",\"potentialAction\":[{\"@type\":\"ReadAction\",\"target\":[\"https:\\\/\\\/btla.eu\\\/en\\\/articles\\\/planned-vat-reduction-for-the-beauty-industry\\\/\"]}]},{\"@type\":\"ImageObject\",\"inLanguage\":\"en-US\",\"@id\":\"https:\\\/\\\/btla.eu\\\/en\\\/articles\\\/planned-vat-reduction-for-the-beauty-industry\\\/#primaryimage\",\"url\":\"https:\\\/\\\/btla.eu\\\/wp-content\\\/uploads\\\/2024\\\/02\\\/Planowane-obnizenie-podatku-VAT-dla-branzy-beauty.jpg\",\"contentUrl\":\"https:\\\/\\\/btla.eu\\\/wp-content\\\/uploads\\\/2024\\\/02\\\/Planowane-obnizenie-podatku-VAT-dla-branzy-beauty.jpg\",\"width\":1080,\"height\":1080,\"caption\":\"Planowane obni\u017cenie podatku VAT dla bran\u017cy beauty\"},{\"@type\":\"BreadcrumbList\",\"@id\":\"https:\\\/\\\/btla.eu\\\/en\\\/articles\\\/planned-vat-reduction-for-the-beauty-industry\\\/#breadcrumb\",\"itemListElement\":[{\"@type\":\"ListItem\",\"position\":1,\"name\":\"Strona g\u0142\u00f3wna\",\"item\":\"https:\\\/\\\/btla.eu\\\/en\\\/\"},{\"@type\":\"ListItem\",\"position\":2,\"name\":\"Planned VAT reduction for the beauty industry\"}]},{\"@type\":\"WebSite\",\"@id\":\"https:\\\/\\\/btla.eu\\\/en\\\/#website\",\"url\":\"https:\\\/\\\/btla.eu\\\/en\\\/\",\"name\":\"BTLA - kancelaria prawna i podatkowa\",\"description\":\"Doradztwo podatkowe i prawne\",\"publisher\":{\"@id\":\"https:\\\/\\\/btla.eu\\\/en\\\/#organization\"},\"alternateName\":\"Kancelaria prawna i doradztwa podatkowego\",\"potentialAction\":[{\"@type\":\"SearchAction\",\"target\":{\"@type\":\"EntryPoint\",\"urlTemplate\":\"https:\\\/\\\/btla.eu\\\/en\\\/?s={search_term_string}\"},\"query-input\":{\"@type\":\"PropertyValueSpecification\",\"valueRequired\":true,\"valueName\":\"search_term_string\"}}],\"inLanguage\":\"en-US\"},{\"@type\":\"Organization\",\"@id\":\"https:\\\/\\\/btla.eu\\\/en\\\/#organization\",\"name\":\"BTLA - kancelaria prawna i podatkowa\",\"alternateName\":\"Doradztwo podatkowe - us\u0142ugi prawne - ksi\u0119gowo\u015b\u0107 - ubezpieczenia\",\"url\":\"https:\\\/\\\/btla.eu\\\/en\\\/\",\"logo\":{\"@type\":\"ImageObject\",\"inLanguage\":\"en-US\",\"@id\":\"https:\\\/\\\/btla.eu\\\/en\\\/#\\\/schema\\\/logo\\\/image\\\/\",\"url\":\"https:\\\/\\\/btla.eu\\\/wp-content\\\/uploads\\\/2023\\\/06\\\/color1_btla.png\",\"contentUrl\":\"https:\\\/\\\/btla.eu\\\/wp-content\\\/uploads\\\/2023\\\/06\\\/color1_btla.png\",\"width\":1833,\"height\":864,\"caption\":\"BTLA - kancelaria prawna i podatkowa\"},\"image\":{\"@id\":\"https:\\\/\\\/btla.eu\\\/en\\\/#\\\/schema\\\/logo\\\/image\\\/\"},\"sameAs\":[\"https:\\\/\\\/www.facebook.com\\\/btla.advisory\"]},{\"@type\":\"Person\",\"@id\":\"https:\\\/\\\/btla.eu\\\/en\\\/#\\\/schema\\\/person\\\/7a07512baf795a08c2c9261996b88ce8\",\"name\":\"lukasz.oles@btla.eu\",\"image\":{\"@type\":\"ImageObject\",\"inLanguage\":\"en-US\",\"@id\":\"https:\\\/\\\/secure.gravatar.com\\\/avatar\\\/ba9757c764cbe6a6e08fba9a5e71cfb9f1deac1d9740045a72d45242ebd7a02c?s=96&d=mm&r=g\",\"url\":\"https:\\\/\\\/secure.gravatar.com\\\/avatar\\\/ba9757c764cbe6a6e08fba9a5e71cfb9f1deac1d9740045a72d45242ebd7a02c?s=96&d=mm&r=g\",\"contentUrl\":\"https:\\\/\\\/secure.gravatar.com\\\/avatar\\\/ba9757c764cbe6a6e08fba9a5e71cfb9f1deac1d9740045a72d45242ebd7a02c?s=96&d=mm&r=g\",\"caption\":\"lukasz.oles@btla.eu\"},\"url\":\"https:\\\/\\\/btla.eu\\\/en\\\/author\\\/lukasz-olesbtla-eu\\\/\"}]}<\/script>\n<!-- \/ Yoast SEO plugin. -->","yoast_head_json":{"title":"Planned VAT reduction for the beauty industry - BTLA","robots":{"index":"index","follow":"follow","max-snippet":"max-snippet:-1","max-image-preview":"max-image-preview:large","max-video-preview":"max-video-preview:-1"},"canonical":"https:\/\/btla.eu\/en\/articles\/planned-vat-reduction-for-the-beauty-industry\/","og_locale":"en_US","og_type":"article","og_title":"Planned VAT reduction for the beauty industry - BTLA","og_url":"https:\/\/btla.eu\/en\/articles\/planned-vat-reduction-for-the-beauty-industry\/","og_site_name":"BTLA","article_publisher":"https:\/\/www.facebook.com\/btla.advisory","article_published_time":"2024-02-21T12:59:40+00:00","og_image":[{"width":1080,"height":1080,"url":"https:\/\/btla.eu\/wp-content\/uploads\/2024\/02\/Planowane-obnizenie-podatku-VAT-dla-branzy-beauty.jpg","type":"image\/jpeg"}],"author":"lukasz.oles@btla.eu","twitter_card":"summary_large_image","twitter_misc":{"Written by":"lukasz.oles@btla.eu"},"schema":{"@context":"https:\/\/schema.org","@graph":[{"@type":"Article","@id":"https:\/\/btla.eu\/en\/articles\/planned-vat-reduction-for-the-beauty-industry\/#article","isPartOf":{"@id":"https:\/\/btla.eu\/en\/articles\/planned-vat-reduction-for-the-beauty-industry\/"},"author":{"name":"lukasz.oles@btla.eu","@id":"https:\/\/btla.eu\/en\/#\/schema\/person\/7a07512baf795a08c2c9261996b88ce8"},"headline":"Planned VAT reduction for the beauty industry","datePublished":"2024-02-21T12:59:40+00:00","mainEntityOfPage":{"@id":"https:\/\/btla.eu\/en\/articles\/planned-vat-reduction-for-the-beauty-industry\/"},"wordCount":7,"publisher":{"@id":"https:\/\/btla.eu\/en\/#organization"},"image":{"@id":"https:\/\/btla.eu\/en\/articles\/planned-vat-reduction-for-the-beauty-industry\/#primaryimage"},"thumbnailUrl":"https:\/\/btla.eu\/wp-content\/uploads\/2024\/02\/Planowane-obnizenie-podatku-VAT-dla-branzy-beauty.jpg","articleSection":["Articles","Taxes"],"inLanguage":"en-US"},{"@type":"WebPage","@id":"https:\/\/btla.eu\/en\/articles\/planned-vat-reduction-for-the-beauty-industry\/","url":"https:\/\/btla.eu\/en\/articles\/planned-vat-reduction-for-the-beauty-industry\/","name":"Planned VAT reduction for the beauty industry - BTLA","isPartOf":{"@id":"https:\/\/btla.eu\/en\/#website"},"primaryImageOfPage":{"@id":"https:\/\/btla.eu\/en\/articles\/planned-vat-reduction-for-the-beauty-industry\/#primaryimage"},"image":{"@id":"https:\/\/btla.eu\/en\/articles\/planned-vat-reduction-for-the-beauty-industry\/#primaryimage"},"thumbnailUrl":"https:\/\/btla.eu\/wp-content\/uploads\/2024\/02\/Planowane-obnizenie-podatku-VAT-dla-branzy-beauty.jpg","datePublished":"2024-02-21T12:59:40+00:00","breadcrumb":{"@id":"https:\/\/btla.eu\/en\/articles\/planned-vat-reduction-for-the-beauty-industry\/#breadcrumb"},"inLanguage":"en-US","potentialAction":[{"@type":"ReadAction","target":["https:\/\/btla.eu\/en\/articles\/planned-vat-reduction-for-the-beauty-industry\/"]}]},{"@type":"ImageObject","inLanguage":"en-US","@id":"https:\/\/btla.eu\/en\/articles\/planned-vat-reduction-for-the-beauty-industry\/#primaryimage","url":"https:\/\/btla.eu\/wp-content\/uploads\/2024\/02\/Planowane-obnizenie-podatku-VAT-dla-branzy-beauty.jpg","contentUrl":"https:\/\/btla.eu\/wp-content\/uploads\/2024\/02\/Planowane-obnizenie-podatku-VAT-dla-branzy-beauty.jpg","width":1080,"height":1080,"caption":"Planowane obni\u017cenie podatku VAT dla bran\u017cy beauty"},{"@type":"BreadcrumbList","@id":"https:\/\/btla.eu\/en\/articles\/planned-vat-reduction-for-the-beauty-industry\/#breadcrumb","itemListElement":[{"@type":"ListItem","position":1,"name":"Strona g\u0142\u00f3wna","item":"https:\/\/btla.eu\/en\/"},{"@type":"ListItem","position":2,"name":"Planned VAT reduction for the beauty industry"}]},{"@type":"WebSite","@id":"https:\/\/btla.eu\/en\/#website","url":"https:\/\/btla.eu\/en\/","name":"BTLA - kancelaria prawna i podatkowa","description":"Doradztwo podatkowe i prawne","publisher":{"@id":"https:\/\/btla.eu\/en\/#organization"},"alternateName":"Kancelaria prawna i doradztwa podatkowego","potentialAction":[{"@type":"SearchAction","target":{"@type":"EntryPoint","urlTemplate":"https:\/\/btla.eu\/en\/?s={search_term_string}"},"query-input":{"@type":"PropertyValueSpecification","valueRequired":true,"valueName":"search_term_string"}}],"inLanguage":"en-US"},{"@type":"Organization","@id":"https:\/\/btla.eu\/en\/#organization","name":"BTLA - kancelaria prawna i podatkowa","alternateName":"Doradztwo podatkowe - us\u0142ugi prawne - ksi\u0119gowo\u015b\u0107 - ubezpieczenia","url":"https:\/\/btla.eu\/en\/","logo":{"@type":"ImageObject","inLanguage":"en-US","@id":"https:\/\/btla.eu\/en\/#\/schema\/logo\/image\/","url":"https:\/\/btla.eu\/wp-content\/uploads\/2023\/06\/color1_btla.png","contentUrl":"https:\/\/btla.eu\/wp-content\/uploads\/2023\/06\/color1_btla.png","width":1833,"height":864,"caption":"BTLA - kancelaria prawna i podatkowa"},"image":{"@id":"https:\/\/btla.eu\/en\/#\/schema\/logo\/image\/"},"sameAs":["https:\/\/www.facebook.com\/btla.advisory"]},{"@type":"Person","@id":"https:\/\/btla.eu\/en\/#\/schema\/person\/7a07512baf795a08c2c9261996b88ce8","name":"lukasz.oles@btla.eu","image":{"@type":"ImageObject","inLanguage":"en-US","@id":"https:\/\/secure.gravatar.com\/avatar\/ba9757c764cbe6a6e08fba9a5e71cfb9f1deac1d9740045a72d45242ebd7a02c?s=96&d=mm&r=g","url":"https:\/\/secure.gravatar.com\/avatar\/ba9757c764cbe6a6e08fba9a5e71cfb9f1deac1d9740045a72d45242ebd7a02c?s=96&d=mm&r=g","contentUrl":"https:\/\/secure.gravatar.com\/avatar\/ba9757c764cbe6a6e08fba9a5e71cfb9f1deac1d9740045a72d45242ebd7a02c?s=96&d=mm&r=g","caption":"lukasz.oles@btla.eu"},"url":"https:\/\/btla.eu\/en\/author\/lukasz-olesbtla-eu\/"}]}},"_links":{"self":[{"href":"https:\/\/btla.eu\/en\/wp-json\/wp\/v2\/posts\/5490","targetHints":{"allow":["GET"]}}],"collection":[{"href":"https:\/\/btla.eu\/en\/wp-json\/wp\/v2\/posts"}],"about":[{"href":"https:\/\/btla.eu\/en\/wp-json\/wp\/v2\/types\/post"}],"author":[{"embeddable":true,"href":"https:\/\/btla.eu\/en\/wp-json\/wp\/v2\/users\/5"}],"replies":[{"embeddable":true,"href":"https:\/\/btla.eu\/en\/wp-json\/wp\/v2\/comments?post=5490"}],"version-history":[{"count":0,"href":"https:\/\/btla.eu\/en\/wp-json\/wp\/v2\/posts\/5490\/revisions"}],"wp:featuredmedia":[{"embeddable":true,"href":"https:\/\/btla.eu\/en\/wp-json\/wp\/v2\/media\/5051"}],"wp:attachment":[{"href":"https:\/\/btla.eu\/en\/wp-json\/wp\/v2\/media?parent=5490"}],"wp:term":[{"taxonomy":"category","embeddable":true,"href":"https:\/\/btla.eu\/en\/wp-json\/wp\/v2\/categories?post=5490"},{"taxonomy":"post_tag","embeddable":true,"href":"https:\/\/btla.eu\/en\/wp-json\/wp\/v2\/tags?post=5490"}],"curies":[{"name":"wp","href":"https:\/\/api.w.org\/{rel}","templated":true}]}}